{"id":1585,"date":"2025-04-29T12:32:10","date_gmt":"2025-04-29T10:32:10","guid":{"rendered":"https:\/\/www.konradi.nu\/?p=1585"},"modified":"2025-05-06T12:33:55","modified_gmt":"2025-05-06T10:33:55","slug":"boernedemokrati-i-kaerene","status":"publish","type":"post","link":"https:\/\/www.konradi.nu\/en\/blog\/2025\/04\/29\/boernedemokrati-i-kaerene\/","title":{"rendered":"B\u00f8rnedemokrati i K\u00e6rene"},"content":{"rendered":"<div id=\"pl-1585\"  class=\"panel-layout\" ><div id=\"pg-1585-0\"  class=\"panel-grid panel-has-style\" ><div class=\"siteorigin-panels-stretch panel-row-style panel-row-style-for-1585-0\" data-stretch-type=\"full\" ><div id=\"pgc-1585-0-0\"  class=\"panel-grid-cell panel-grid-cell-empty\" ><\/div><div id=\"pgc-1585-0-1\"  class=\"panel-grid-cell panel-grid-cell-mobile-last\" ><div id=\"panel-1585-0-1-0\" class=\"so-panel widget widget_sow-image panel-first-child panel-last-child\" data-index=\"0\" ><div\n\t\t\t\n\t\t\tclass=\"so-widget-sow-image so-widget-sow-image-default-8b5b6f678277-1585\"\n\t\t\t\n\t\t>\n<div class=\"sow-image-container\">\n\t\t<img fetchpriority=\"high\" \n\tsrc=\"https:\/\/www.konradi.nu\/wp-content\/uploads\/2025\/04\/pb-1920x800-kaerene.jpeg\" width=\"1920\" height=\"800\" srcset=\"https:\/\/www.konradi.nu\/wp-content\/uploads\/2025\/04\/pb-1920x800-kaerene.jpeg 1920w, https:\/\/www.konradi.nu\/wp-content\/uploads\/2025\/04\/pb-1920x800-kaerene-300x125.jpeg 300w, https:\/\/www.konradi.nu\/wp-content\/uploads\/2025\/04\/pb-1920x800-kaerene-1024x427.jpeg 1024w, https:\/\/www.konradi.nu\/wp-content\/uploads\/2025\/04\/pb-1920x800-kaerene-768x320.jpeg 768w, https:\/\/www.konradi.nu\/wp-content\/uploads\/2025\/04\/pb-1920x800-kaerene-1536x640.jpeg 1536w, https:\/\/www.konradi.nu\/wp-content\/uploads\/2025\/04\/pb-1920x800-kaerene-18x8.jpeg 18w\" sizes=\"(max-width: 1920px) 100vw, 1920px\" title=\"pb 1920&#215;800 k\u00e6rene\" alt=\"\" \t\tclass=\"so-widget-image\"\/>\n\t<\/div>\n\n<\/div><\/div><\/div><div id=\"pgc-1585-0-2\"  class=\"panel-grid-cell panel-grid-cell-empty\" ><\/div><\/div><\/div><div id=\"pg-1585-1\"  class=\"panel-grid panel-has-style\" ><div class=\"siteorigin-panels-stretch panel-row-style panel-row-style-for-1585-1\" data-stretch-type=\"full\" ><div id=\"pgc-1585-1-0\"  class=\"panel-grid-cell panel-grid-cell-empty\" ><\/div><div id=\"pgc-1585-1-1\"  class=\"panel-grid-cell panel-grid-cell-mobile-last\" ><div id=\"panel-1585-1-1-0\" class=\"so-panel widget widget_black-studio-tinymce widget_black_studio_tinymce panel-first-child panel-last-child\" data-index=\"1\" ><div class=\"textwidget\"><p style=\"text-align: left;\"><span style=\"font-family: roboto; font-size: 20px; color: #7c9097;\">B\u00f8rnedemokrati i K\u00e6rene<\/span><\/p>\n<div class=\"aligncenter\" style=\"width: 100%; height: 1px; background-color: #7c9097;\"><\/div>\n<p style=\"text-align: left; line-height: 1.15em;\"><span style=\"font-family: roboto; font-size: 16px; color: #7c9097;\"><br \/>\nABOUT THE PROJECT<\/span><\/p>\n<p style=\"text-align: left; line-height: 1.5em;\"><span style=\"font-family: roboto; font-size: 14px; color: #7c9097;\">Konradi - liv i og mellem husene samarbejder med K\u00e6renes Boligsociale F\u00e6llesskab om etablering af b\u00f8rnedemokrati i K\u00e6rene. Projektet gennemf\u00f8res p\u00e5 tv\u00e6rs af boligafdelingerne, AKB, Ved Milestedet (AKB, R\u00f8dovre), Afdeling 3 og 4 (Domea) og Afdeling 43 (AAB), som alle er en del af K\u00e6renes Boligsociale F\u00e6llesskab.<\/span><\/p>\n<p><span style=\"font-family: roboto; font-size: 14px; color: #7c9097;\">Ved et pilotprojekt i 2015-2016 var AKB, Ved Milestedet den f\u00f8rste boligafdeling, hvor der blev etableret b\u00f8rnedemokrati. Nu \u00f8nsker de \u00f8vrige boligafdelinger i K\u00e6rene ogs\u00e5 at give b\u00f8rnene i deres boligafdelinger en stemme. Fokus vil s\u00e5ledes v\u00e6re p\u00e5 at udvide r\u00e6kkevidden af det eksisterende b\u00f8rnedemokrati, b\u00e5de i antallet af deltagende b\u00f8rnedemokrater, opl\u00e6rte driftsmedarbejdere, inddragede afdelingsbestyrelser samt fysiske omr\u00e5der, som b\u00f8rnedemokraterne kan f\u00e5 indflydelse p\u00e5.\u00a0<\/span><\/p>\n<p><span style=\"color: #7c9097; font-family: roboto;\"><span style=\"caret-color: #7c9097; font-size: 14px;\">Fundamentet for b\u00f8rnedemokrati er b\u00f8rnedemokrater, driftspersonale og medlemmer af afdelingsbestyrelser med driftsmedarbejdere som tovholdere. I b\u00f8rnedemokratiet i K\u00e6rene vil der herudover blive tilf\u00f8rt ekstra ressourcer og kompetencer via et t\u00e6t samarbejde med den lokale boligsociale koordinator.<\/span><\/span><\/p>\n<p><span style=\"font-family: roboto; font-size: 14px; color: #7c9097;\">Ambitionen er at udbrede b\u00f8rnedemokrati, s\u00e5 endnu flere kan f\u00e5 gavn af de positive gevinster, som b\u00f8rnedemokrati medf\u00f8rer for b\u00e5de b\u00f8rn, voksne og boligomr\u00e5der som helhed.\u00a0<\/span><\/p>\n<p style=\"text-align: left; line-height: 1.15em;\"><span style=\"font-family: roboto; font-size: 16px; color: #7c9097;\"><br \/>\nFORVENTET RESULTAT<\/span><\/p>\n<p><em><span style=\"color: #7c9097; font-family: roboto;\"><span style=\"font-size: 14px;\">- <\/span><\/span><span style=\"color: #7c9097; font-family: roboto;\"><span style=\"font-size: 14px;\">At der etableres \u00e9t samlet b\u00f8rnedemokrati for K\u00e6rene, som faciliteres af lokale ressourcer fra alle boligafdelingerne i samarbejde med K\u00e6renes Boligsociale F\u00e6llesskab.<\/span><\/span><\/em><\/p>\n<\/div><\/div><\/div><div id=\"pgc-1585-1-2\"  class=\"panel-grid-cell panel-grid-cell-empty\" ><\/div><\/div><\/div><div id=\"pg-1585-2\"  class=\"panel-grid panel-has-style\" ><div class=\"siteorigin-panels-stretch panel-row-style panel-row-style-for-1585-2\" data-stretch-type=\"full\" ><div id=\"pgc-1585-2-0\"  class=\"panel-grid-cell panel-grid-cell-empty\" ><\/div><div id=\"pgc-1585-2-1\"  class=\"panel-grid-cell panel-grid-cell-mobile-last\" ><div id=\"panel-1585-2-1-0\" class=\"so-panel widget widget_black-studio-tinymce widget_black_studio_tinymce panel-first-child panel-last-child\" data-index=\"2\" ><div class=\"textwidget\"><p style=\"text-align: left;\"><span style=\"font-family: roboto; font-size: 16px; color: #ffffff;\">FACTS<br \/>\n<\/span><span style=\"font-family: roboto; font-size: 14px; color: #ffffff;\">Opgave: B\u00f8rnedemokrati i K\u00e6rene<\/span><\/p>\n<p style=\"text-align: left;\"><span style=\"font-family: roboto; font-size: 14px; color: #ffffff;\">Projektejer: K\u00e6renes Boligsociale F\u00e6llesskab<br \/>\n<\/span><span style=\"font-family: roboto; font-size: 14px; color: #ffffff;\">Finansieret af: K\u00e6renes Boligsociale F\u00e6llesskab<br \/>\n<\/span><span style=\"font-family: roboto; font-size: 14px; color: #ffffff;\">Periode: 2025-2027<br \/>\n<\/span><span style=\"font-family: roboto; font-size: 14px; color: #ffffff;\">Role: External project manager<\/span><\/p>\n<\/div><\/div><\/div><div id=\"pgc-1585-2-2\"  class=\"panel-grid-cell panel-grid-cell-empty\" ><\/div><\/div><\/div><\/div>","protected":false},"excerpt":{"rendered":"<p>B\u00f8rnedemokrati i K\u00e6rene OM PROJEKTET Konradi &#8211; liv i og mellem husene samarbejder med K\u00e6renes Boligsociale F\u00e6llesskab om etablering af b\u00f8rnedemokrati i K\u00e6rene. Projektet gennemf\u00f8res p\u00e5 tv\u00e6rs af boligafdelingerne, AKB, Ved Milestedet (AKB, R\u00f8dovre), Afdeling 3 og 4 (Domea) og Afdeling 43 (AAB), som alle er en del af K\u00e6renes Boligsociale F\u00e6llesskab. Ved et pilotprojekt [&hellip;]<\/p>\n","protected":false},"author":1,"featured_media":0,"comment_status":"closed","ping_status":"closed","sticky":false,"template":"","format":"standard","meta":{"footnotes":""},"categories":[12],"tags":[],"class_list":["post-1585","post","type-post","status-publish","format-standard","hentry","category-slides"],"_links":{"self":[{"href":"https:\/\/www.konradi.nu\/en\/wp-json\/wp\/v2\/posts\/1585","targetHints":{"allow":["GET"]}}],"collection":[{"href":"https:\/\/www.konradi.nu\/en\/wp-json\/wp\/v2\/posts"}],"about":[{"href":"https:\/\/www.konradi.nu\/en\/wp-json\/wp\/v2\/types\/post"}],"author":[{"embeddable":true,"href":"https:\/\/www.konradi.nu\/en\/wp-json\/wp\/v2\/users\/1"}],"replies":[{"embeddable":true,"href":"https:\/\/www.konradi.nu\/en\/wp-json\/wp\/v2\/comments?post=1585"}],"version-history":[{"count":0,"href":"https:\/\/www.konradi.nu\/en\/wp-json\/wp\/v2\/posts\/1585\/revisions"}],"wp:attachment":[{"href":"https:\/\/www.konradi.nu\/en\/wp-json\/wp\/v2\/media?parent=1585"}],"wp:term":[{"taxonomy":"category","embeddable":true,"href":"https:\/\/www.konradi.nu\/en\/wp-json\/wp\/v2\/categories?post=1585"},{"taxonomy":"post_tag","embeddable":true,"href":"https:\/\/www.konradi.nu\/en\/wp-json\/wp\/v2\/tags?post=1585"}],"curies":[{"name":"wp","href":"https:\/\/api.w.org\/{rel}","templated":true}]}}