{"id":186,"date":"2016-10-05T14:13:45","date_gmt":"2016-10-05T12:13:45","guid":{"rendered":"https:\/\/www.konradi.nu\/?p=186"},"modified":"2019-06-18T10:54:42","modified_gmt":"2019-06-18T08:54:42","slug":"fra-faelles-rum-til-faellesskab","status":"publish","type":"post","link":"https:\/\/www.konradi.nu\/en\/blog\/2016\/10\/05\/fra-faelles-rum-til-faellesskab\/","title":{"rendered":"From common space to community"},"content":{"rendered":"<div id=\"pl-186\"  class=\"panel-layout\" ><div id=\"pg-186-0\"  class=\"panel-grid panel-has-style\" ><div class=\"siteorigin-panels-stretch panel-row-style panel-row-style-for-186-0\" data-stretch-type=\"full\" ><div id=\"pgc-186-0-0\"  class=\"panel-grid-cell panel-grid-cell-empty\" ><\/div><div id=\"pgc-186-0-1\"  class=\"panel-grid-cell panel-grid-cell-mobile-last\" ><div id=\"panel-186-0-1-0\" class=\"so-panel widget widget_sow-image panel-first-child panel-last-child\" data-index=\"0\" ><div\n\t\t\t\n\t\t\tclass=\"so-widget-sow-image so-widget-sow-image-default-8b5b6f678277-186\"\n\t\t\t\n\t\t>\n<div class=\"sow-image-container\">\n\t\t<img fetchpriority=\"high\" \n\tsrc=\"https:\/\/www.konradi.nu\/wp-content\/uploads\/2016\/10\/Fra-f\u00e6lles-rum-til-f\u00e6llesskab.jpg\" width=\"1920\" height=\"800\" srcset=\"https:\/\/www.konradi.nu\/wp-content\/uploads\/2016\/10\/Fra-f\u00e6lles-rum-til-f\u00e6llesskab.jpg 1920w, https:\/\/www.konradi.nu\/wp-content\/uploads\/2016\/10\/Fra-f\u00e6lles-rum-til-f\u00e6llesskab-300x125.jpg 300w, https:\/\/www.konradi.nu\/wp-content\/uploads\/2016\/10\/Fra-f\u00e6lles-rum-til-f\u00e6llesskab-768x320.jpg 768w, https:\/\/www.konradi.nu\/wp-content\/uploads\/2016\/10\/Fra-f\u00e6lles-rum-til-f\u00e6llesskab-1024x427.jpg 1024w\" sizes=\"(max-width: 1920px) 100vw, 1920px\" title=\"From common space to community\" alt=\"\" \t\tclass=\"so-widget-image\"\/>\n\t<\/div>\n\n<\/div><\/div><\/div><div id=\"pgc-186-0-2\"  class=\"panel-grid-cell panel-grid-cell-empty\" ><\/div><\/div><\/div><div id=\"pg-186-1\"  class=\"panel-grid panel-has-style\" ><div class=\"siteorigin-panels-stretch panel-row-style panel-row-style-for-186-1\" data-stretch-type=\"full\" ><div id=\"pgc-186-1-0\"  class=\"panel-grid-cell panel-grid-cell-empty\" ><\/div><div id=\"pgc-186-1-1\"  class=\"panel-grid-cell panel-grid-cell-mobile-last\" ><div id=\"panel-186-1-1-0\" class=\"so-panel widget widget_black-studio-tinymce widget_black_studio_tinymce panel-first-child panel-last-child\" data-index=\"1\" ><div class=\"textwidget\"><p style=\"text-align: left;\"><span style=\"font-family: roboto; font-size: 20px; color: #7c9097;\">FROM COMMON SPACE TO COMMUNITY<\/span><\/p>\n<div class=\"aligncenter\" style=\"width: 100%; height: 1px; background-color: #7c9097;\"><\/div>\n<p style=\"text-align: left; line-height: 1.15em;\"><span style=\"font-family: roboto; font-size: 14px; color: #7c9097;\"><br \/>\nABOUT THE PROJECT<\/span><\/p>\n<p style=\"text-align: left; line-height: 1.5em;\"><span style=\"font-family: roboto; font-size: 14px; color: #7c9097;\">In many social housing units, there are modern and renovated common areas and common facilities with great potential to create a framework for the community between the residents. The project's basic idea is that residents and resident-elected representatives have the potential to create (even) greater unity, joint activities and community in their area, by using the physical spaces to a greater extent.<\/span><\/p>\n<p style=\"text-align: left; line-height: 1.5em;\"><span style=\"font-family: roboto; font-size: 14px; color: #7c9097;\">The inspiration comes from housing associations and other strong communities in and outside the social housing sector. The project examines what works elsewhere and develops a 'practical tool' for how residents or resident-elected representatives can contribute to strengthening the community.<\/span><\/p>\n<p style=\"text-align: left;\"><span style=\"font-family: roboto; font-size: 14px; color: #7c9097;\">The project is based on the thesis that by focusing on strengthening the community, you can contribute to a better quality of life for the individual residents specifically, and to more well-functioning residential areas in general. <\/span><\/p>\n<p style=\"text-align: left; line-height: 1.15em;\"><span style=\"font-family: roboto; font-size: 16px; color: #7c9097;\"><br \/>\nRESULTS<\/span><\/p>\n<p style=\"text-align: left; line-height: 1.5em;\"><span style=\"font-size: 14px;\"><a href=\"https:\/\/www.fsb.dk\/nyheder\/2018\/giv-faellesskabet-et-boost\/\" target=\"_blank\" rel=\"noopener noreferrer\"><span style=\"font-family: roboto; color: #8e7686; text-decoration: underline;\"><em>F\u00e6llesskabskalender - \u2019Hvad kan vi lave sammen i vores boligafdeling?\u2019 - 2017 <\/em><\/span><\/a><\/span><\/p>\n<p style=\"text-align: left; line-height: 1.5em;\"><span style=\"font-family: roboto; font-size: 14px; color: #7c9097;\">The target group is residents, resident groups and resident-elected representatives in the social housing areas.<\/span><\/p>\n<p style=\"text-align: left; line-height: 1.5em;\"><span style=\"font-size: 14px;\"><a href=\"http:\/\/forsoegspuljen.almennet.dk\/projektbibliotek\/fra-faelles-rum-til-faellesskab\/\" target=\"_blank\" rel=\"noopener noreferrer\"><span style=\"font-family: roboto; color: #8e7686; text-decoration: underline;\"><em>The project is now finished and you can read more about it on Almene Fors\u00f8gspuljes website<\/em><\/span><\/a><\/span><\/p>\n<\/div><\/div><\/div><div id=\"pgc-186-1-2\"  class=\"panel-grid-cell panel-grid-cell-empty\" ><\/div><\/div><\/div><div id=\"pg-186-2\"  class=\"panel-grid panel-has-style\" ><div class=\"siteorigin-panels-stretch panel-row-style panel-row-style-for-186-2\" data-stretch-type=\"full\" ><div id=\"pgc-186-2-0\"  class=\"panel-grid-cell panel-grid-cell-empty\" ><\/div><div id=\"pgc-186-2-1\"  class=\"panel-grid-cell panel-grid-cell-mobile-last\" ><div id=\"panel-186-2-1-0\" class=\"so-panel widget widget_black-studio-tinymce widget_black_studio_tinymce panel-first-child panel-last-child\" data-index=\"2\" ><div class=\"textwidget\"><p style=\"text-align: left;\"><span style=\"font-family: roboto; font-size: 16px; color: #ffffff;\">FACTS<br \/>\n<\/span><span style=\"font-family: roboto; font-size: 14px; color: #ffffff;\">Task: Support residents and resident-elected representatives in strengthening the community in social housing areas via the development of 'practical tools'<\/p>\n<p><\/span><span style=\"font-family: roboto; font-size: 14px; color: #ffffff;\">Project owner: Konradi - Konradi \u2013 life in and between the houses<br \/>\n<\/span><span style=\"font-family: roboto; font-size: 14px; color: #ffffff;\">Financed by: Den almene fors\u00f8gspulje v. Trafik-, Bygge- og Boligstyrelsen<br \/>\n<\/span><span style=\"font-family: roboto; font-size: 14px; color: #ffffff;\">Period: 2016 - 2017<br \/>\n<\/span><span style=\"font-family: roboto; font-size: 14px; color: #ffffff;\">Role: Idea developer and project manager<\/span><\/p>\n<\/div><\/div><\/div><div id=\"pgc-186-2-2\"  class=\"panel-grid-cell panel-grid-cell-empty\" ><\/div><\/div><\/div><\/div>","protected":false},"excerpt":{"rendered":"<p>FRA F\u00c6LLES RUM TIL F\u00c6LLESSKAB OM PROJEKTET I mange almene boligafdelinger er der moderne og istandsatte f\u00e6llesarealer og f\u00e6llesfaciliteter med et stort potentiale for at danne ramme om f\u00e6llesskabet mellem beboerne. Projektets grundid\u00e9 er, at man som beboer og beboervalgt har potentiale for at skabe (endnu) st\u00f8rre sammenhold, f\u00e6lles aktiviteter og f\u00e6llesskab ved i h\u00f8jere [&hellip;]<\/p>\n","protected":false},"author":1,"featured_media":302,"comment_status":"closed","ping_status":"closed","sticky":false,"template":"","format":"standard","meta":{"footnotes":""},"categories":[12],"tags":[],"class_list":["post-186","post","type-post","status-publish","format-standard","has-post-thumbnail","hentry","category-slides"],"_links":{"self":[{"href":"https:\/\/www.konradi.nu\/en\/wp-json\/wp\/v2\/posts\/186","targetHints":{"allow":["GET"]}}],"collection":[{"href":"https:\/\/www.konradi.nu\/en\/wp-json\/wp\/v2\/posts"}],"about":[{"href":"https:\/\/www.konradi.nu\/en\/wp-json\/wp\/v2\/types\/post"}],"author":[{"embeddable":true,"href":"https:\/\/www.konradi.nu\/en\/wp-json\/wp\/v2\/users\/1"}],"replies":[{"embeddable":true,"href":"https:\/\/www.konradi.nu\/en\/wp-json\/wp\/v2\/comments?post=186"}],"version-history":[{"count":0,"href":"https:\/\/www.konradi.nu\/en\/wp-json\/wp\/v2\/posts\/186\/revisions"}],"wp:featuredmedia":[{"embeddable":true,"href":"https:\/\/www.konradi.nu\/en\/wp-json\/wp\/v2\/media\/302"}],"wp:attachment":[{"href":"https:\/\/www.konradi.nu\/en\/wp-json\/wp\/v2\/media?parent=186"}],"wp:term":[{"taxonomy":"category","embeddable":true,"href":"https:\/\/www.konradi.nu\/en\/wp-json\/wp\/v2\/categories?post=186"},{"taxonomy":"post_tag","embeddable":true,"href":"https:\/\/www.konradi.nu\/en\/wp-json\/wp\/v2\/tags?post=186"}],"curies":[{"name":"wp","href":"https:\/\/api.w.org\/{rel}","templated":true}]}}